{"provider_url": "https://www.itaituba.pa.leg.br", "title": "PERGUNTAS FREQUENTES", "html": "<p>\u00a0</p>\r\n<p><img src=\"https://www.itaituba.pa.leg.br/imagens/faq-logo.png/image_thumb\" alt=\"FAQ\" class=\"image-right\" title=\"Faq Logo\" /></p>\r\n<h2>Perguntas e Respostas:</h2>\r\n<div></div>\r\n<p>\u00a0</p>\r\n<h3></h3>\r\n<h3></h3>\r\n<h3></h3>\r\n<h3>1) Quantos Vereadores comp\u00f5em a C\u00e2mara Municipal de Itaituba?</h3>\r\n<h3>\u00a0<strong><span>Rs: A C\u00e2mara Municipal de Itaituba \u00e9 composta por 15 (quinze) Parlamentares.</span></strong></h3>\r\n<p>\u00a0</p>\r\n<h3>2) Como fa\u00e7o para entrar em contato com um Vereador?</h3>\r\n<p><strong><span>Rs: Pessoalmente na C\u00e2mara em seu Gabinete ou atrav\u00e9s de telefones - ramais e\u00a0 E-mails, informados no Site (Portal Transpar\u00eancia).</span></strong></p>\r\n<h3></h3>\r\n<h3>3) Quando acontecem as Sess\u00f5es Ordin\u00e1rias da C\u00e2mara?</h3>\r\n<p><strong>As Sess\u00f5es Ordin\u00e1rias acontecem nas ter\u00e7as e quartas \u2013 feiras de cada m\u00eas, inicia-se \u00e0s 09:00 horas da manh\u00e3, na C\u00e2mara de Vereadores de Itaituba.\u00a0</strong></p>\r\n<p>\u00a0</p>\r\n<h3>4) Como fa\u00e7o para ter acesso a outras informa\u00e7\u00f5es?</h3>\r\n<p><span>\u00a0</span><span>\u00a0\u00a0</span><strong><span>Rs:\u00a0A Legisla\u00e7\u00e3o Federal com a Lei de Acesso a Informa\u00e7\u00e3o, Lei n\u00ba 12.527/11, que obriga os \u00d3rg\u00e3os P\u00fablicos, proporcionar a todos os Cidad\u00e3os o livre Acesso \u00e0 Informa\u00e7\u00f5es pertinentes e regulamentadas no \u00e2mbito do Poder Legislativo. \u00a0 \u00a0\u00a0\u00a0 \u00a0</span>\u00a0 \u00a0 \u00a0 \u00a0 \u00a0 \u00a0 \u00a0 \u00a0 \u00a0 \u00a0 \u00a0 \u00a0 \u00a0 \u00a0</strong></p>\r\n<p>\u00a0</p>\r\n<h3>5) Qual \u00e9 o hor\u00e1rio de expediente da C\u00e2mara Municipal?</h3>\r\n<p><strong>Rs: O hor\u00e1rio de funcionamento \u00e9 de segunda a sexta - feira, das 08:00 as 14:00 hrs.</strong></p>\r\n<p>\u00a0</p>\r\n<h3>6) As Sess\u00f5es da C\u00e2mara s\u00e3o p\u00fablicas?</h3>\r\n<p><strong>Sim, s\u00e3o p\u00fablicas e toda a popula\u00e7\u00e3o pode participar.</strong></p>\r\n<p><strong><br /></strong></p>\r\n<h3>7) Quantos anos dura o mandato de um Vereador?</h3>\r\n<p><strong>Rs: 4 (Quatro) anos.</strong></p>\r\n<p><strong><br /></strong></p>\r\n<h3>8) O que \u00e9 uma Legislatura? E quando ela se inicia?</h3>\r\n<p><strong>Rs: Legislatura \u00e9 o nome dado ao per\u00edodo de dura\u00e7\u00e3o do mandato do Vereador, ou seja, de quatro anos. A Legislatura se inicia em 1\u00ba de janeiro do ano seguinte ao da elei\u00e7\u00e3o Municipal.</strong></p>\r\n<p><strong><br /></strong></p>\r\n<h3>9) Como se escolhe o Presidente e a Mesa Diretora da C\u00e2mara Municipal?</h3>\r\n<p><strong>Rs: S\u00e3o formadas chapas com candidatos \u00e0 Presid\u00eancia, vice Presidente, Secret\u00e1rio, por vota\u00e7\u00e3o secreta e maioria simples de votos, ent\u00e3o os membros da Casa elegem o Presidente, Vice-Presidente e secret\u00e1rios.</strong></p>\r\n<p><strong><br /></strong></p>\r\n<h3>10) O que \u00e9 o Recesso Parlamentar?</h3>\r\n<p><strong>Rs: O Recesso Parlamentar \u00e9 a interrup\u00e7\u00e3o nos trabalhos legislativos, isto \u00e9, as Sess\u00f5es Ordin\u00e1rias deixam de acontecer, o recesso ocorre entre os dias 1\u00ba a 31 de janeiro. Neste per\u00edodo poder\u00e3o ocorrer as Sess\u00f5es Extraordin\u00e1rias.</strong></p>\r\n<p><strong><br /></strong></p>\r\n<h3>11) Como \u00e9 elaborada a Ordem do Dia?</h3>\r\n<p><strong>A Ordem do Dia \u00e9 elaborada pela Presid\u00eancia, \u00e9 a defini\u00e7\u00e3o dos projetos e demais mat\u00e9rias que ir\u00e3o a vota\u00e7\u00e3o.</strong></p>\r\n<p><strong><br /></strong></p>\r\n<h3>12) Quais as principais fun\u00e7\u00f5es do Poder Legislativo?</h3>\r\n<p><strong>Rs: Legislativa, Fiscalizadora e Administrativa.</strong></p>\r\n<p><strong><br /></strong></p>\r\n<p><strong><br /></strong></p>\r\n<p><strong><br /></strong></p>\r\n<p><strong><br /></strong></p>", "author_name": "Interlegis", "version": "1.0", "author_url": "https://www.itaituba.pa.leg.br/author/Interlegis", "provider_name": "C\u00e2mara Municipal", "type": "rich"}