{"provider_url": "https://www.itaituba.pa.leg.br", "title": "HIST\u00d3RIA", "html": "<p>Por determina\u00e7\u00e3o do ent\u00e3o Governador da Prov\u00edncia do Gr\u00e3o Par\u00e1, JOS\u00c9 DE NAPOLES TELLO DE MENEZES, com oficio datado do dia 22 de julho de 1857, encaminhado \u00e0 VILA FRANCA, foi instalada a C\u00c2MARA MUNICIPAL DE ITAITUBA no per\u00edodo Mon\u00e1rquico com elei\u00e7\u00e3o realizada no dia 28 de julho de 1857.</p>\r\n<p>A C\u00c2MARA MUNICIPAL DE ITAITUBA, foi instalada em 03 de novembro de 1857 pelo vereador Ant\u00f4nio Corr\u00eaa da Costa.</p>\r\n<p>O Vereador mais votado foi Francisco Ant\u00f4nio Farias.</p>\r\n<p>Vereadores Eleitos para a 1\u00aa. Legislatura.</p>\r\n<p>Ant\u00f4nio Corr\u00eaa da Costa<br />Bernardino Gomes de Oliveira<br />Silv\u00e9rio Albuquerque Aguiar<br />Francisco Ant\u00f4nio Farias<br />Matias Marinho de Nazar\u00e9<br />Joaquim Louren\u00e7o Cardoso<br />Joaquim Caetano Corr\u00eaa.<br />Manoel Pedro Ferreira Campos</p>\r\n<p>A mesa Diretora da 1\u00aa. Legislatura.</p>\r\n<p>Presidente: Joaquim Caetano Corr\u00eaa.<br />1\u00ba Secret\u00e1rio: Francisco Ant\u00f4nio Farias<br />2\u00ba Secret\u00e1rio: Ant\u00f4nio Corr\u00eaa da Costa</p>\r\n<p>Com a ades\u00e3o de Itaituba \u00e0 Rep\u00fablica em 06 de dezembro de 1.889, oficiada pelo ent\u00e3o vereador Manoel Pedro Ferreira Campos, a C\u00e2mara Municipal foi dissolvida atrav\u00e9s do Decreto n\u00ba 103, de 13 de mar\u00e7o de 1890, do Governo provis\u00f3rio do Estado do Par\u00e1, que em seguida, atrav\u00e9s do Decreto n\u00ba 104, da mesma data criou o Conselho de Intend\u00eancia Municipal de Itaituba, sendo nomeado para presidir o Conselho, tomando posse no dia 23 de abril de 1.890, o senhor Bernardino Rodrigues de Oliveira.</p>\r\n<p>Vereadoras Eleitos para a 2\u00aa. Legislatura. (1904 \u2018a 1912)</p>\r\n<p>Jos\u00e9 dos Santos Sampaio<br />Estev\u00e3o Jos\u00e9 da Silva<br />Jo\u00e3o Paulo Carneiro<br />Jo\u00e3o da Matta Batista</p>\r\n<p>A mesa Diretora da 2\u00aa. Legislatura.</p>\r\n<p>Presidente: Jos\u00e9 Joaquim Lages<br />1\u00ba Secret\u00e1rio: Jo\u00e3o Paulo Alves Batista<br />2\u00ba Secret\u00e1rio: Benessenuto Augusto Bezerra</p>\r\n<p>Ap\u00f3s o ano de 1912 at\u00e9 1948, n\u00e3o temos registro da composi\u00e7\u00e3o do Poder Legislativo Municipal, uma vez que conforme depoimento de pessoas que participaram do processo pol\u00edtico daquela \u00e9poca, os arquivos da C\u00e2mara Municipal foram extraviados em um inc\u00eandio, impossibilitando-nos portanto de colher tais informa\u00e7\u00f5es.</p>\r\n<p>PRESIDENTES QUE DIRIGIRAM A C\u00c2MARA MUNICIPAL AP\u00d3S 1948</p>\r\n<p>Benedito Corr\u00eaa de Souza 1948 a 1950</p>\r\n<p>Adamor Ant\u00f4nio dos Santos 1951 a 1952</p>\r\n<p>Luiz da Silva Franco 1953 a 1954</p>\r\n<p>Ant\u00f4nio Elias Bechara 1955 a 1956</p>\r\n<p>Te\u00f3filo Oleg\u00e1rio Furtado 1957 a 1958</p>\r\n<p>Ant\u00f4nio Gonzaga Barros 1959 a 1960</p>\r\n<p>Francisco Xavier Lages de Mendon\u00e7a 1965 a 1966</p>\r\n<p>Jos\u00e9 Bentes de Souza 1967 a 1969</p>\r\n<p>Ruy Barbosa de Souza Ferreira 1970 a 1871</p>\r\n<p>Arlindo Pereira Braga 1977 a 1979</p>\r\n<p>Francisco Gomes da Silva 1979 a 1981</p>\r\n<p>Sebasti\u00e3o Teodomiro da Costa 1981 a 1983</p>\r\n<p>Francisco Fernandes da Silva 1983 a 1885</p>\r\n<p>Vilson Jo\u00e3o Schuber 1985 a 1986</p>\r\n<p>Jos\u00e9 Alexandre Primo 1987 a 1988</p>\r\n<p>Emilio Carlos Piccardo 1989 a 1990</p>\r\n<p>Arquimedes Alves Mesquita 1991 a 1992</p>\r\n<p>Luiz Fernando Sadeck dos Santos 1993 a 1994</p>\r\n<p>Raimundo Santos Pimentel 1995 a 1996</p>\r\n<p>Manoel Diomar Santos Figueira 1997 a 1998</p>\r\n<p>Jo\u00e3o Batista Aguiar Bezerra 1999 a 2000</p>\r\n<p>Euclides Alves da Costa Filho 2001 a 2002</p>\r\n<p>M\u00e1rio C\u00e9sar Lima Aguiar 2003 a 2004</p>\r\n<p>Raimundo Santos Pimentel 2005 a 2006</p>\r\n<p>Jo\u00e3o Bastos Rodrigues 2007 a 2008</p>\r\n<p>Hilton Alves de Aguiar 2009 a 2010</p>\r\n<p>Jo\u00e3o Bastos Rodrigues 2011 a 2012</p>\r\n<p>Wescley Silva Aguiar 2013 a 2014\u00a0 \u00a0 \u00a0 \u00a0 \u00a0 \u00a0 \u00a0 \u00a0 \u00a0 \u00a0 \u00a0 \u00a0 \u00a0 \u00a0 \u00a0 \u00a0 \u00a0 \u00a0 \u00a0 \u00a0 \u00a0 \u00a0 \u00a0 \u00a0 \u00a0 \u00a0 \u00a0 \u00a0 \u00a0 \u00a0 \u00a0 \u00a0 \u00a0 \u00a0 \u00a0 \u00a0 \u00a0 \u00a0 \u00a0 \u00a0 \u00a0 \u00a0 \u00a0 \u00a0 \u00a0 \u00a0 \u00a0 \u00a0 \u00a0 \u00a0 \u00a0 \u00a0 \u00a0 \u00a0 \u00a0</p>\r\n<p>Jo\u00e3o Bastos Rodrigues 2015 a 2016\u00a0 \u00a0 \u00a0 \u00a0 \u00a0 \u00a0 \u00a0 \u00a0 \u00a0 \u00a0 \u00a0 \u00a0 \u00a0 \u00a0 \u00a0 \u00a0 \u00a0 \u00a0 \u00a0 \u00a0 \u00a0 \u00a0 \u00a0 \u00a0 \u00a0 \u00a0 \u00a0 \u00a0 \u00a0 \u00a0 \u00a0 \u00a0 \u00a0 \u00a0 \u00a0 \u00a0 \u00a0</p>\r\n<p>Jo\u00e3o Bastos Rodrigues 2017 a 2018\u00a0 \u00a0 \u00a0 \u00a0 \u00a0 \u00a0 \u00a0 \u00a0 \u00a0 \u00a0 \u00a0 \u00a0 \u00a0 \u00a0 \u00a0 \u00a0 \u00a0 \u00a0 \u00a0 \u00a0 \u00a0 \u00a0 \u00a0 \u00a0 \u00a0 \u00a0 \u00a0 \u00a0 \u00a0 \u00a0 \u00a0 \u00a0 \u00a0 \u00a0 \u00a0 \u00a0 \u00a0 \u00a0 \u00a0 \u00a0 \u00a0 \u00a0 \u00a0 \u00a0 \u00a0 \u00a0 \u00a0 \u00a0 \u00a0 \u00a0 \u00a0 \u00a0 \u00a0</p>\r\n<p>Manoel Rodrigues de Sousa 2019 a 2020\u00a0\u00a0</p>", "author_name": "Interlegis", "version": "1.0", "author_url": "https://www.itaituba.pa.leg.br/author/Interlegis", "provider_name": "C\u00e2mara Municipal", "type": "rich"}