{"provider_url": "https://www.itaituba.pa.leg.br", "title": "GALERIA DA C\u00c2MARA GANHA MAIS UMA LEGISLATURA", "html": "<p style=\"text-align: justify; \">\u00a0</p>\r\n<p style=\"text-align: justify; \">O Presidente da C\u00e2mara Municipal Vereador Jo\u00e3o Bastos Rodrigues inaugurou no ultimo dia 27 de Dezembro, mais uma placa com a foto dos 15 Vereadores que integraram a 17\u00aa Legislatura.</p>\r\n<p style=\"text-align: justify; \"><img src=\"https://www.itaituba.pa.leg.br/institucional/fotos/copy_of_1.jpg/@@images/9bd509d9-af70-4fe4-b33e-f12ec31a7a23.jpeg\" alt=\"\" class=\"image-inline\" title=\"\" /></p>\r\n<p style=\"text-align: justify; \">A cerimonia simples que contou com a presen\u00e7a dos Vereadores Issac Dias, Luiz Sadeck e Wescley Aguiar, e alguns vereadores eleitos para a 18\u00aa Legislatura, \u00e9 mais um marco na Hist\u00f3ria politica de Itaituba e da C\u00e2mara Municipal.</p>\r\n<p style=\"text-align: justify; \"><img src=\"https://www.itaituba.pa.leg.br/institucional/fotos/copy_of_2.jpg/@@images/b7a5056c-e0a9-4e74-a76b-6d6ffe1f3fff.jpeg\" alt=\"\" class=\"image-inline\" title=\"\" /><img src=\"https://www.itaituba.pa.leg.br/institucional/fotos/copy_of_3.jpg/@@images/b937c89e-85fe-4ab4-9559-de62928919e0.jpeg\" alt=\"\" class=\"image-inline\" title=\"\" /></p>\r\n<p style=\"text-align: justify; \">Com isso, a galeria que est\u00e1 localizada no Plen\u00e1rio da C\u00e2mara Municipal aumenta sua hist\u00f3ria e eterniza os parlamentares que passam pelo\u00a0 Poder Legislativo.</p>", "author_name": "", "version": "1.0", "author_url": "https://www.itaituba.pa.leg.br/author/tta", "provider_name": "C\u00e2mara Municipal", "type": "rich"}